[{"@context":"https:\/\/schema.org\/","@type":"Article","@id":"https:\/\/www.ilusion.cz\/jizni-morava-se-potyka-s-nedostatkem-kvalifikovanych-i-delnickych-profesi-na-vinohradech\/#Article","mainEntityOfPage":"https:\/\/www.ilusion.cz\/jizni-morava-se-potyka-s-nedostatkem-kvalifikovanych-i-delnickych-profesi-na-vinohradech\/","headline":"Ji\u017en\u00ed Morava se pot\u00fdk\u00e1 s nedostatkem kvalifikovan\u00fdch i d\u011blnick\u00fdch profes\u00ed na vinohradech","name":"Ji\u017en\u00ed Morava se pot\u00fdk\u00e1 s nedostatkem kvalifikovan\u00fdch i d\u011blnick\u00fdch profes\u00ed na vinohradech","description":"Ji\u017en\u00ed Morava je jednou z\u00a0nejv\u00edce zasa\u017een\u00fdch oblast\u00ed, kde chyb\u00ed pracovn\u00ed s\u00edly. Mzdy sice st\u00e1le rostou, ale firmy postr\u00e1daj\u00ed zejm\u00e9na pracovn\u00edky ve v\u00fdrob\u011b a v\u00a0informa\u010dn\u00edch technologi\u00edch. S\u00a0podobn\u00fdmi probl\u00e9my se pot\u00fdk\u00e1 i vina\u0159stv\u00ed. Popt\u00e1vka po kvalifikovan\u00fdch, ale i d\u011blnick\u00fdch profes\u00edch n\u011bkolikan\u00e1sobn\u011b p\u0159evy\u0161uje re\u00e1lnou situaci na trhu pracovn\u00edch sil. Tato pr\u00e1ce je ov\u0161em specifick\u00e1, m\u011bla by \u010dlov\u011bka bavit, [&hellip;]","datePublished":"2023-05-22","dateModified":"2023-05-22","author":{"@type":"Person","@id":"https:\/\/www.ilusion.cz\/author\/#Person","name":"","url":"https:\/\/www.ilusion.cz\/author\/","identifier":1,"image":{"@type":"ImageObject","@id":"https:\/\/secure.gravatar.com\/avatar\/8e6cbe5510d042e6a0b15162e198f2fd22eed76a4b5a1734d2174c652daccabc?s=96&d=mm&r=g","url":"https:\/\/secure.gravatar.com\/avatar\/8e6cbe5510d042e6a0b15162e198f2fd22eed76a4b5a1734d2174c652daccabc?s=96&d=mm&r=g","height":96,"width":96}},"publisher":{"@type":"Organization","name":"ilusion.cz","logo":{"@type":"ImageObject","@id":"\/logo.png","url":"\/logo.png","width":600,"height":60}},"image":{"@type":"ImageObject","@id":"https:\/\/www.ilusion.cz\/wp-content\/uploads\/img_a321613_w2295_t1532857225.jpg","url":"https:\/\/www.ilusion.cz\/wp-content\/uploads\/img_a321613_w2295_t1532857225.jpg","height":0,"width":0},"url":"https:\/\/www.ilusion.cz\/jizni-morava-se-potyka-s-nedostatkem-kvalifikovanych-i-delnickych-profesi-na-vinohradech\/","wordCount":453,"articleBody":"Ji\u017en\u00ed Morava je jednou z\u00a0nejv\u00edce zasa\u017een\u00fdch oblast\u00ed, kde chyb\u00ed pracovn\u00ed s\u00edly. Mzdy sice st\u00e1le rostou, ale firmy postr\u00e1daj\u00ed zejm\u00e9na pracovn\u00edky ve v\u00fdrob\u011b a v\u00a0informa\u010dn\u00edch technologi\u00edch. S\u00a0podobn\u00fdmi probl\u00e9my se pot\u00fdk\u00e1 i vina\u0159stv\u00ed.Popt\u00e1vka po kvalifikovan\u00fdch, ale i d\u011blnick\u00fdch profes\u00edch n\u011bkolikan\u00e1sobn\u011b p\u0159evy\u0161uje re\u00e1lnou situaci na trhu pracovn\u00edch sil. Tato pr\u00e1ce je ov\u0161em specifick\u00e1, m\u011bla by \u010dlov\u011bka bavit, nebo\u0165 jde o pr\u00e1ci na vinohradu, v\u00a0ter\u00e9nu, zpravidla za ka\u017ed\u00e9ho po\u010das\u00ed, kde v\u00a0l\u00e9t\u011b panuj\u00ed i tropick\u00e1 vedra. A tak se pom\u011brn\u011b \u010dasto st\u00e1v\u00e1 zavedenou prax\u00ed, \u017ee na vinici usly\u0161\u00edte ukrajin\u0161tinu, sloven\u0161tinu, nebo dokonce moldav\u0161tinu, a \u017ee tu o Morav\u00e1ka nebo \u010cecha nezavad\u00edte.N\u011bkter\u00e9 pr\u00e1ce zvl\u00e1daj\u00ed vykonat stroje, ale v\u011bt\u0161inu mus\u00ed obstarat lidsk\u00e1 ruka. D\u0159\u00edve se na vinohradu pohybovala \u0159ada m\u00edstn\u00edch brig\u00e1dnic v\u00a0d\u016fchodu, \u0159\u00edkalo se jim trefn\u011b \u201evinohradnick\u00e9 babky\u201c. V\u00fdhodou bylo, \u017ee jim nebylo zapot\u0159eb\u00ed nic vysv\u011btlovat, p\u0159i pr\u00e1ci bylo veselo, panovala tam p\u0159\u00e1telsk\u00e1 atmosf\u00e9ra, kter\u00e1 se dnes na pracovi\u0161t\u00edch vid\u00ed jen z\u0159\u00eddka. Bohu\u017eel dnes v\u011bt\u0161ina zam\u011bstnavatel\u016f vol\u00ed cestu maxim\u00e1ln\u00edho v\u00fdkonu, kter\u00fd je limitov\u00e1n v\u00fdd\u011blkem, nikoliv ocen\u011bn lidsk\u00fdm p\u0159\u00edstupem.\tZahrani\u010dn\u00ed pracovn\u00edciVenkovsk\u00e9 \u201ebabky\u201c dnes nahradili zam\u011bstnanci ze zahrani\u010d\u00ed, nej\u010dast\u011bji ze Slovenska, ale jejich v\u00fdkonnost a odborn\u00e1 kvalifikace je pochybn\u00e9 \u00farovn\u011b. Vina\u0159i se sice sna\u017e\u00ed nasadit stroje, kam to jde, ov\u0161em mechanizace nezastane v\u0161echny \u00fakony. Dal\u0161\u00ed probl\u00e9m je ve v\u00edzov\u00e9 povinnosti Ukrajinc\u016f, kte\u0159\u00ed ji \u010dasto maj\u00ed z\u0159\u00edzenou jen na dobu ur\u010ditou v\u00a0d\u00e9lce n\u011bkolika m\u011bs\u00edc\u016f. A \u010ce\u0161i? Ty na vinic\u00edch tak\u0159ka neuvid\u00edte, nemaj\u00ed z\u00e1jem o d\u0159inu na vinohradu za ka\u017ed\u00e9ho po\u010das\u00ed. Smutn\u00e9 je tak\u00e9 to, \u017ee sou\u010dasn\u00e1 legislativn\u00ed opat\u0159en\u00ed br\u00e1n\u00ed zahrani\u010dn\u00edm z\u00e1jemc\u016fm v\u00a0t\u00e9to oblasti pracovat, na ji\u017en\u00ed Morav\u011b se to t\u00fdk\u00e1 p\u0159ibli\u017en\u011b 2500 pracovn\u00edch m\u00edst, kter\u00e1 je t\u0159eba obsadit.\tKvalifikovan\u00e9 profeseKrom\u011b d\u011blnick\u00fdch profes\u00ed je nedostatek i na stran\u011b kvalifikovan\u00fdch pracovn\u00edch sil. Vina\u0159i zkr\u00e1tka popt\u00e1vaj\u00ed v\u00edce odborn\u00edk\u016f, ne\u017e kolik jich vystuduje odbornou \u0161kolu. Pokud m\u00e1te n\u011bkoho v\u00a0rodin\u011b, kdo se rozhoduje, jak\u00fd obor st\u0159edn\u00ed \u0161koly zvolit, uplatn\u011bn\u00ed na trhu pr\u00e1ce v\u00a0tomto oboru je skute\u010dn\u011b re\u00e1ln\u00e9.                                                                                                                                                                                                                                                                                                                                                                                        3.9\/5 - (9 votes)        "},{"@context":"https:\/\/schema.org\/","@type":"BreadcrumbList","itemListElement":[{"@type":"ListItem","position":1,"name":"Ji\u017en\u00ed Morava se pot\u00fdk\u00e1 s nedostatkem kvalifikovan\u00fdch i d\u011blnick\u00fdch profes\u00ed na vinohradech","item":"https:\/\/www.ilusion.cz\/jizni-morava-se-potyka-s-nedostatkem-kvalifikovanych-i-delnickych-profesi-na-vinohradech\/#breadcrumbitem"}]}]