[{"@context":"https:\/\/schema.org\/","@type":"Article","@id":"https:\/\/www.ilusion.cz\/pracovni-tymy-a-jejich-problemy\/#Article","mainEntityOfPage":"https:\/\/www.ilusion.cz\/pracovni-tymy-a-jejich-problemy\/","headline":"Pracovn\u00ed t\u00fdmy a jejich probl\u00e9my","name":"Pracovn\u00ed t\u00fdmy a jejich probl\u00e9my","description":"Vytv\u00e1\u0159\u00edte-li pracovn\u00ed skupinu, tedy n\u011bjak\u00fd t\u00fdm lid\u00ed, \u0159e\u0161\u00edte dobu, po kterou budou na zadan\u00e9m \u00fakolu pracovat. Organizace pr\u00e1ce, p\u0159esun z&nbsp;m\u00edsta na m\u00edsto Do takov\u00e9 skupiny pak na p\u0159edem stanovenou dobu p\u0159esunete pracovn\u00edky, kte\u0159\u00ed ji vytvo\u0159\u00ed, t\u00edm to v\u0161ak nesm\u00ed skon\u010dit. Pokud m\u00e1te zam\u011bstnance, kter\u00fd vykon\u00e1v\u00e1 svou pr\u00e1ci a chcete ho p\u0159esunout do pracovn\u00ed skupiny, kde [&hellip;]","datePublished":"2017-08-17","dateModified":"2023-05-22","author":{"@type":"Person","@id":"https:\/\/www.ilusion.cz\/author\/#Person","name":"","url":"https:\/\/www.ilusion.cz\/author\/","identifier":1,"image":{"@type":"ImageObject","@id":"https:\/\/secure.gravatar.com\/avatar\/8e6cbe5510d042e6a0b15162e198f2fd22eed76a4b5a1734d2174c652daccabc?s=96&d=mm&r=g","url":"https:\/\/secure.gravatar.com\/avatar\/8e6cbe5510d042e6a0b15162e198f2fd22eed76a4b5a1734d2174c652daccabc?s=96&d=mm&r=g","height":96,"width":96}},"publisher":{"@type":"Organization","name":"ilusion.cz","logo":{"@type":"ImageObject","@id":"\/logo.png","url":"\/logo.png","width":600,"height":60}},"image":{"@type":"ImageObject","@id":"https:\/\/www.ilusion.cz\/wp-content\/uploads\/img_a297857_w2044_t1508228489.jpg","url":"https:\/\/www.ilusion.cz\/wp-content\/uploads\/img_a297857_w2044_t1508228489.jpg","height":0,"width":0},"url":"https:\/\/www.ilusion.cz\/pracovni-tymy-a-jejich-problemy\/","about":["Business"],"wordCount":446,"articleBody":"\tVytv\u00e1\u0159\u00edte-li pracovn\u00ed skupinu, tedy n\u011bjak\u00fd t\u00fdm lid\u00ed, \u0159e\u0161\u00edte dobu, po kterou budou na zadan\u00e9m \u00fakolu pracovat.\tOrganizace pr\u00e1ce, p\u0159esun z&nbsp;m\u00edsta na m\u00edstoDo takov\u00e9 skupiny pak na p\u0159edem stanovenou dobu p\u0159esunete pracovn\u00edky, kte\u0159\u00ed ji vytvo\u0159\u00ed, t\u00edm to v\u0161ak nesm\u00ed skon\u010dit. Pokud m\u00e1te zam\u011bstnance, kter\u00fd vykon\u00e1v\u00e1 svou pr\u00e1ci a chcete ho p\u0159esunout do pracovn\u00ed skupiny, kde bude pracovat na n\u011b\u010dem jin\u00e9m, mus\u00edte ho z&nbsp;p\u0159edchoz\u00ed pozice bu\u010fto kr\u00e1tkodob\u011b, nebo natrvalo uvolnit, jeliko\u017e pak byste po n\u011bm cht\u011bli pr\u00e1ci za dva lidi, a to odnese pr\u00e1v\u011b zam\u011bstnanec, kter\u00fd se bude zodpov\u00eddat dv\u011bma nad\u0159\u00edzen\u00fdm, m\u00edsto jednoho a tlak na n\u011bj se zn\u00e1sob\u00ed.\tHodnocen\u00ed a odm\u011b\u0148ov\u00e1n\u00ed pr\u00e1ceKa\u017ed\u00fd zam\u011bstnanec m\u00e1 stanoven\u00fd plat, kter\u00fd se m\u016f\u017ee pokusit zv\u00fd\u0161it nap\u0159\u00edklad dopln\u011bn\u00edm vzd\u011bl\u00e1n\u00ed \u010di jin\u00e9 kvalifikace. D\u00e1le se m\u016f\u017ee zaj\u00edmat o sv\u016fj obor a roz\u0161i\u0159ovat i nad\u00e1le sv\u00e9 znalosti a zvy\u0161ovat tak svou hodnotu. Pak tu jsou jazykov\u00e9 znalosti, kter\u00e9 mu daj\u00ed mo\u017enost cestovat do zahrani\u010d\u00ed a jednat za firmu, co\u017e mu d\u00e1v\u00e1 dlouhodobou perspektivu vyu\u017eit\u00ed pro firmu.Porovnejte takov\u00e9ho aktivn\u00edho \u010dlov\u011bka se specialistou, nebo kl\u00ed\u010dov\u00fdm zam\u011bstnancem, kter\u00fd sice nezvy\u0161uje v&nbsp;t\u011bchto sm\u011brech svou \u00farove\u0148, ale je nezbytn\u00fd pro na\u0161i firmu. Nast\u00e1v\u00e1 pak \u010dasto probl\u00e9m v&nbsp;platov\u00e9m ohodnocen\u00ed, proto\u017ee skute\u010dnou u\u017eite\u010dnost se ned\u00e1 m\u011b\u0159it jen mno\u017estv\u00edm kvalifikac\u00ed.\tProbl\u00e9my v&nbsp;mezilidsk\u00fdch vztaz\u00edchKa\u017ed\u00fd pracuje jinak a s&nbsp;rozd\u00edlnou rychlost\u00ed. Pozor v\u0161ak na vhodn\u00e9 rozlo\u017een\u00ed \u00fakol\u016f tak, aby nepracoval opravdu jen jeden \u010dlov\u011bk, m\u016f\u017ee doj\u00edt k&nbsp;\u017e\u00e1rlivosti, nevra\u017eivosti a v\u016fbec negativn\u00edm emoc\u00edm na stranu jednak ostatn\u00edch lid\u00ed ve skupin\u011b, ale tak\u00e9 v\u016f\u010di vedouc\u00edmu, kter\u00fd to dopustil. Snadno tak dojde ke ztr\u00e1t\u011b d\u016fle\u017eit\u00e9ho a \u0161ikovn\u00e9ho \u010dlov\u011bka, kter\u00fd se bude \u0161patn\u011b sh\u00e1n\u011bt. Probl\u00e9m mezilidsk\u00fdch vztah\u016f je velmi \u0161irok\u00fd a ka\u017ed\u00fd vedouc\u00ed by m\u011bl zn\u00e1t vztahy ve skupin\u011b, aby mohl p\u0159edch\u00e1zet probl\u00e9m\u016fm a s&nbsp;porozum\u011bn\u00edm vy\u0159e\u0161it ty, na kter\u00e9 u\u017e do\u0161lo.T\u00fdmovou pr\u00e1ci z\u00e1sadn\u011b ovliv\u0148uje velikost t\u00fdmu, profesn\u00ed, kvalifika\u010dn\u00ed a demografick\u00e1 struktura, \u010das, charakteru pracovn\u00edho \u00fakolu a stanoven\u00e9 c\u00edle.                                                                                                                                                                                                                                                                                                                                                                                        3.7\/5 - (11 votes)        "},{"@context":"https:\/\/schema.org\/","@type":"BreadcrumbList","itemListElement":[{"@type":"ListItem","position":1,"name":"Pracovn\u00ed t\u00fdmy a jejich probl\u00e9my","item":"https:\/\/www.ilusion.cz\/pracovni-tymy-a-jejich-problemy\/#breadcrumbitem"}]}]