[{"@context":"https:\/\/schema.org\/","@type":"Article","@id":"https:\/\/www.ilusion.cz\/rallye-dakar-2020-v-saudske-arabii\/#Article","mainEntityOfPage":"https:\/\/www.ilusion.cz\/rallye-dakar-2020-v-saudske-arabii\/","headline":"Rallye Dakar 2020 v Saudsk\u00e9 Ar\u00e1bii","name":"Rallye Dakar 2020 v Saudsk\u00e9 Ar\u00e1bii","description":"Historie Jedn\u00e1 se o beze sporu jeden z\u00a0nejslavn\u011bj\u0161\u00edch vytrvalostn\u00edch z\u00e1vod\u016f sv\u011bta. Prvn\u00ed ro\u010dn\u00edk za\u010dal v\u00a0roce 1979 a jezdil se z\u00a0Pa\u0159\u00ed\u017ee (Francie) do Dakaru (Senegal). Tuto trasu jel v\u00a0letech 1979 a\u017e 1991, 1993, 1998 a 2001 s\u00a0men\u0161\u00edmi \u010di v\u011bt\u0161\u00edmi \u00fapravami, ale v\u017edy se startem Pa\u0159\u00ed\u017e a c\u00edlem Dakar. Prob\u011bhlo i n\u011bkolik ro\u010dn\u00edk\u016f, kdy byl c\u00edlem jen [&hellip;]","datePublished":"2019-08-08","dateModified":"2023-05-22","author":{"@type":"Person","@id":"https:\/\/www.ilusion.cz\/author\/#Person","name":"","url":"https:\/\/www.ilusion.cz\/author\/","identifier":1,"image":{"@type":"ImageObject","@id":"https:\/\/secure.gravatar.com\/avatar\/8e6cbe5510d042e6a0b15162e198f2fd22eed76a4b5a1734d2174c652daccabc?s=96&d=mm&r=g","url":"https:\/\/secure.gravatar.com\/avatar\/8e6cbe5510d042e6a0b15162e198f2fd22eed76a4b5a1734d2174c652daccabc?s=96&d=mm&r=g","height":96,"width":96}},"publisher":{"@type":"Organization","name":"ilusion.cz","logo":{"@type":"ImageObject","@id":"\/logo.png","url":"\/logo.png","width":600,"height":60}},"image":{"@type":"ImageObject","@id":"https:\/\/www.ilusion.cz\/wp-content\/uploads\/img_a352983_w3088_t1567270427.jpg","url":"https:\/\/www.ilusion.cz\/wp-content\/uploads\/img_a352983_w3088_t1567270427.jpg","height":0,"width":0},"url":"https:\/\/www.ilusion.cz\/rallye-dakar-2020-v-saudske-arabii\/","about":["Sport"],"wordCount":432,"articleBody":"HistorieJedn\u00e1 se o beze sporu jeden z\u00a0nejslavn\u011bj\u0161\u00edch vytrvalostn\u00edch z\u00e1vod\u016f sv\u011bta. Prvn\u00ed ro\u010dn\u00edk za\u010dal v\u00a0roce 1979 a jezdil se z\u00a0Pa\u0159\u00ed\u017ee (Francie) do Dakaru (Senegal). Tuto trasu jel v\u00a0letech 1979 a\u017e 1991, 1993, 1998 a 2001 s\u00a0men\u0161\u00edmi \u010di v\u011bt\u0161\u00edmi \u00fapravami, ale v\u017edy se startem Pa\u0159\u00ed\u017e a c\u00edlem Dakar. Prob\u011bhlo i n\u011bkolik ro\u010dn\u00edk\u016f, kdy byl c\u00edlem jen Dakar, a startovn\u00ed m\u00edsto se m\u011bnilo. V\u00a0roce 2009 se kv\u016fli bezpe\u010dnosti p\u0159esunul do Ji\u017en\u00ed Ameriky, kde prob\u00edhal a\u017e do leto\u0161n\u00edho roku 2019.\u00a0Sou\u010dasnost\u00a0V\u00a0roce 2020 je kon\u00e1n v\u00a0Saudsk\u00e9 Ar\u00e1bii, kde za\u010dne 5. ledna na pob\u0159e\u017e\u00ed Rud\u00e9ho mo\u0159e v\u00a0D\u017eidd\u011b. Z\u00e1vodn\u00edky \u010dek\u00e1 celkem 9\u00a0000 km na 12 etap. Nejprve se pojede na kamenit\u00fdch horsk\u00fdch cest\u00e1ch, kdy se z\u00e1vodn\u00edci pot\u00e9 dostanou na pou\u0161\u0165Rub al-Ch\u00e1l\u00ed (4. nejv\u011bt\u0161\u00ed na sv\u011bt\u011b), kter\u00e9 m\u00e1 duny vysok\u00e9 a\u017e 250 m. Konec z\u00e1vodu je stanoven na 17. ledna nedaleko Rij\u00e1du v m\u011bst\u011b Al-Kiddija, kde bude velk\u00e9 z\u00e1bavn\u00ed vy\u017eit\u00ed. Nejedn\u00e1 se jen o jednor\u00e1zovou akci, proto\u017ee je ji\u017e domluveno po\u0159\u00e1d\u00e1n\u00ed celkem p\u011bti ro\u010dn\u00edk\u016f. Co\u017e dohodli po\u0159adatel\u00e9 se sa\u00fadskou vl\u00e1dou. P\u0159itom se nevylu\u010duje mo\u017enost, \u017ee by trasa p\u0159\u00ed\u0161t\u00edch ro\u010dn\u00edk\u016f mohla zam\u00ed\u0159it do sousedn\u00edch st\u00e1t\u016f. P\u0159esun z\u00e1vodu na nov\u00e9 m\u00edsto se spekuloval ji\u017e p\u0159i leto\u0161n\u00edm ro\u010dn\u00edku.\u00a0P\u0159esun z\u00a0Ji\u017en\u00ed AmerikyB\u011bhem \u00fasp\u011b\u0161n\u00fdch let tohoto z\u00e1vodu se zm\u011bnila ekonomick\u00e1 a politick\u00e1 situace ve vybran\u00fdch jihoamerick\u00fdch st\u00e1tech. Tam kde byly z\u00e1vody d\u0159\u00edve vl\u00e1dami v\u00edtan\u00e9, jsou dnes odm\u00edtan\u00e9. P\u0159itom d\u0159\u00edve se jeden z\u00e1vod rozprost\u00edral a\u017e na \u00fazem\u00ed t\u0159ech jihoamerick\u00fdch st\u00e1t\u016f. Letos se v\u0161ak jel u\u017e jen na \u00fazem\u00ed jednoho. Ji\u017en\u00ed Amerika byla zvolena kv\u016fli bezpe\u010dnosti, proto\u017ee v\u00a0roce 2008 byl v\u00a0Mauret\u00e1nii cel\u00fd z\u00e1vod zru\u0161en den p\u0159ed startem kv\u016fli nebezpe\u010d\u00ed teroristick\u00fdch \u00fatok\u016f.\u00a0\u00dasp\u011bchy \u010cech\u016fMezi nejv\u011bt\u0161\u00ed \u00fasp\u011bchy \u010cech\u016f pat\u0159\u00ed Karel Loprais, kter\u00fd se sv\u00fdm kami\u00f3nem byl dvakr\u00e1t t\u0159et\u00ed, \u010dty\u0159ikr\u00e1t druh\u00fd a dokonce \u0161estkr\u00e1t prvn\u00ed. Mimoto dostal v\u00a0roce 2017 st\u00e1tn\u00ed vyznamen\u00e1n\u00ed. Posledn\u00edm \u00fasp\u011b\u0161n\u00fdm \u010cechem v\u00a0tomto z\u00e1vodu je Josef Mach\u00e1\u010dek, kter\u00fd vyhr\u00e1l na \u010dty\u0159kolce v\u00a0roce 2009.                                                                                                                                                                                                                                                                                                                                                                                        3.5\/5 - (4 votes)        "},{"@context":"https:\/\/schema.org\/","@type":"BreadcrumbList","itemListElement":[{"@type":"ListItem","position":1,"name":"Rallye Dakar 2020 v Saudsk\u00e9 Ar\u00e1bii","item":"https:\/\/www.ilusion.cz\/rallye-dakar-2020-v-saudske-arabii\/#breadcrumbitem"}]}]